{"id":853,"date":"2017-05-30T10:05:53","date_gmt":"2017-05-30T08:05:53","guid":{"rendered":"http:\/\/blog.rivieraholidayhomes.com\/?p=853"},"modified":"2026-04-14T17:25:10","modified_gmt":"2026-04-14T15:25:10","slug":"les-points-de-vues-incontournables-de-la-cote-dazur-entre-mer-et-montagne","status":"publish","type":"post","link":"https:\/\/blog.rivieraholidayhomes.com\/fr\/les-points-de-vues-incontournables-de-la-cote-dazur-entre-mer-et-montagne\/","title":{"rendered":"Les points de vues incontournables de la C\u00f4te d\u2019Azur entre mer et montagne."},"content":{"rendered":"<div id=\"pl-853\"  class=\"panel-layout\" ><div id=\"pg-853-0\"  class=\"panel-grid panel-no-style\" ><div id=\"pgc-853-0-0\"  class=\"panel-grid-cell\" ><div id=\"panel-853-0-0-0\" class=\"so-panel widget widget_text panel-first-child\" data-index=\"0\" >\t\t\t<div class=\"textwidget\"><p class=\"p1\">Entre flore\u00a0<strong>m\u00e9diterran\u00e9enne<\/strong>\u00a0exceptionnelle et montagnes, la\u00a0<strong>C\u00f4te d\u2019azur<\/strong>\u00a0offre des points de\u00a0<strong>vues panoramiques<\/strong>\u00a0\u00e0 couper le souffle.<\/p>\n<p class=\"p1\">Nous allons ainsi vous r\u00e9v\u00e9ler nos pr\u00e9f\u00e9r\u00e9s\u00a0!<\/p>\n<h2 class=\"p4\"><b>1\/ Villa Th\u00e9oule<\/b><\/h2>\n<p class=\"p1\">Tout d\u2019abord, proche de\u00a0<strong>Cannes<\/strong>, La villa Th\u00e9oule est pour nous l\u2019une des\u00a0<strong>vue<\/strong>\u00a0clefs. Nich\u00e9 dans le massif de\u00a0<strong>l\u2019Esterel<\/strong>, ce petit coin de paradis vous offre une multitude de criques et\u00a0<strong>calanques<\/strong>avec ses roches rouges, ainsi qu\u2019une\u00a0<strong>vue<\/strong>\u00a0saisissante sur la\u00a0<strong>mer<\/strong>\u00a0!<\/p>\n<\/div>\n\t\t<\/div><div id=\"panel-853-0-0-1\" class=\"so-panel widget widget_media_image\" data-index=\"1\" ><img loading=\"lazy\" decoding=\"async\" width=\"800\" height=\"534\" src=\"https:\/\/blog.rivieraholidayhomes.com\/wp-content\/uploads\/2018\/05\/12045285_10207295057522015_508983526093321087_o1.jpg\" class=\"image wp-image-1019  attachment-800x534 size-800x534\" alt=\"\" style=\"max-width: 100%; height: auto;\" srcset=\"https:\/\/blog.rivieraholidayhomes.com\/wp-content\/uploads\/2018\/05\/12045285_10207295057522015_508983526093321087_o1.jpg 1500w, https:\/\/blog.rivieraholidayhomes.com\/wp-content\/uploads\/2018\/05\/12045285_10207295057522015_508983526093321087_o1-360x240.jpg 360w, https:\/\/blog.rivieraholidayhomes.com\/wp-content\/uploads\/2018\/05\/12045285_10207295057522015_508983526093321087_o1-768x513.jpg 768w\" sizes=\"auto, (max-width: 800px) 100vw, 800px\" \/><\/div><div id=\"panel-853-0-0-2\" class=\"so-panel widget widget_text\" data-index=\"2\" >\t\t\t<div class=\"textwidget\"><h2 class=\"p4\"><b>2\/ Le Nomade \u00e0 Antibes<\/b><\/h2>\n<p class=\"p1\">Un cadre magnifique de jour comme de nuit, laisse place \u00e0 une\u00a0<strong>vue panoramique<\/strong>\u00a0sur la\u00a0<strong>Baie des Anges<\/strong>, sur le\u00a0<strong>port d\u2019Antibes<\/strong>\u00a0et ses magnifiques yachts. Profitez ainsi d\u2019une balade sur la citadelle, puis dans le\u00a0<strong>Vieil Antibes<\/strong>, ce sont les\u00a0<strong>vacances<\/strong>\u00a0tout de m\u00eame\u00a0!<\/p>\n<\/div>\n\t\t<\/div><div id=\"panel-853-0-0-3\" class=\"so-panel widget widget_media_image\" data-index=\"3\" ><img loading=\"lazy\" decoding=\"async\" width=\"800\" height=\"541\" src=\"https:\/\/blog.rivieraholidayhomes.com\/wp-content\/uploads\/2018\/05\/64509599.jpg\" class=\"image wp-image-1020  attachment-800x541 size-800x541\" alt=\"\" style=\"max-width: 100%; height: auto;\" srcset=\"https:\/\/blog.rivieraholidayhomes.com\/wp-content\/uploads\/2018\/05\/64509599.jpg 1024w, https:\/\/blog.rivieraholidayhomes.com\/wp-content\/uploads\/2018\/05\/64509599-768x520.jpg 768w\" sizes=\"auto, (max-width: 800px) 100vw, 800px\" \/><\/div><div id=\"panel-853-0-0-4\" class=\"so-panel widget widget_text\" data-index=\"4\" >\t\t\t<div class=\"textwidget\"><p>Source\u00a0:\u00a0<a href=\"http:\/\/www.panoramio.com\/\">panoramio<\/a><\/p>\n<h2><\/h2>\n<h2 class=\"p1\"><b>3\/ Le Baou des Blancs<\/b><\/h2>\n<p class=\"p1\">Pour les plus courageux et adeptes de la marche, nous vous conseillons le\u00a0<strong>Baou des Blancs<\/strong>. Situ\u00e9 au dessus du\u00a0<strong>village de Vence<\/strong>, cette randonn\u00e9e am\u00e8ne au\u00a0<strong>point de vue<\/strong>\u00a0que vous voyez ci-dessous, magnifique non\u00a0?<\/p>\n<\/div>\n\t\t<\/div><div id=\"panel-853-0-0-5\" class=\"so-panel widget widget_media_image\" data-index=\"5\" ><img loading=\"lazy\" decoding=\"async\" width=\"709\" height=\"412\" src=\"https:\/\/blog.rivieraholidayhomes.com\/wp-content\/uploads\/2018\/05\/Capture-d\u2019e\u0301cran-2017-05-17-a\u0300-10.09.57.png\" class=\"image wp-image-1021  attachment-800x465 size-800x465\" alt=\"\" style=\"max-width: 100%; height: auto;\" \/><\/div><div id=\"panel-853-0-0-6\" class=\"so-panel widget widget_text\" data-index=\"6\" >\t\t\t<div class=\"textwidget\"><p class=\"p7\"><span class=\"s1\">source\u00a0:\u00a0<a href=\"http:\/\/terresetpierresdazur.wixsite.com\/\"><span class=\"s2\">http:\/\/terresetpierresdazur.wixsite.com\/<\/span><\/a><\/span><\/p>\n<h2 class=\"p4\"><b>4\/ La Colline du ch\u00e2teau Nice<\/b><\/h2>\n<p class=\"p1\">Comment ne pas citer ce\u00a0<strong>point de vue<\/strong>\u00a0authentique et r\u00e9put\u00e9 de\u00a0<strong>Nice<\/strong>. \u00c0 5 minutes de marche de la\u00a0<strong>vieille ville<\/strong>, vous d\u00e9couvrirez d\u2019un cot\u00e9 une\u00a0<strong>vue plongeante<\/strong>\u00a0sur la ville, et sur la\u00a0<strong>Baie des anges<\/strong>, puis de l\u2019autre,\u00a0<strong>le port de Nice<\/strong>\u00a0et sa palette de couleurs. Tout cela, fait de la\u00a0<strong>colline du ch\u00e2teau<\/strong>\u00a0un endroit incontournable \u00e0 visiter au plus vite\u00a0!<\/p>\n<\/div>\n\t\t<\/div><div id=\"panel-853-0-0-7\" class=\"so-panel widget widget_media_image\" data-index=\"7\" ><img loading=\"lazy\" decoding=\"async\" width=\"800\" height=\"531\" src=\"https:\/\/blog.rivieraholidayhomes.com\/wp-content\/uploads\/2018\/05\/31adad90-324c-4796-9c35-77acb466bdb7-1200.jpg\" class=\"image wp-image-1018  attachment-800x531 size-800x531\" alt=\"\" style=\"max-width: 100%; height: auto;\" srcset=\"https:\/\/blog.rivieraholidayhomes.com\/wp-content\/uploads\/2018\/05\/31adad90-324c-4796-9c35-77acb466bdb7-1200.jpg 849w, https:\/\/blog.rivieraholidayhomes.com\/wp-content\/uploads\/2018\/05\/31adad90-324c-4796-9c35-77acb466bdb7-1200-360x240.jpg 360w, https:\/\/blog.rivieraholidayhomes.com\/wp-content\/uploads\/2018\/05\/31adad90-324c-4796-9c35-77acb466bdb7-1200-768x510.jpg 768w\" sizes=\"auto, (max-width: 800px) 100vw, 800px\" \/><\/div><div id=\"panel-853-0-0-8\" class=\"so-panel widget widget_text\" data-index=\"8\" >\t\t\t<div class=\"textwidget\"><h2 class=\"p4\"><b>5\/ Le Belv\u00e9d\u00e8re de Villefranche sur mer<\/b><\/h2>\n<p class=\"p1\"><strong>Villefranche<\/strong>, un d\u00e9paysement total \u00e0 seulement quelques kilom\u00e8tres de\u00a0<strong>Nice<\/strong>. Une des plus belles\u00a0<strong>baies de la C\u00f4te d\u2019Azur<\/strong>\u00a0se pr\u00e9sente \u00e0 vous\u00a0! Pour la voir, il vous faudra tout simplement marcher le long de la basse ou de la moyenne\u00a0<strong>corniche<\/strong>. Cette baie est tellement magnifique qu\u2019o\u00f9 que vous soyez, la vue saura vous combler\u00a0! Bienvenue au Paradis\u00a0!!<\/p>\n<\/div>\n\t\t<\/div><div id=\"panel-853-0-0-9\" class=\"so-panel widget widget_media_image\" data-index=\"9\" ><img loading=\"lazy\" decoding=\"async\" width=\"800\" height=\"531\" src=\"https:\/\/blog.rivieraholidayhomes.com\/wp-content\/uploads\/2018\/05\/Conversion-20-avril-copie.jpg\" class=\"image wp-image-1023  attachment-800x531 size-800x531\" alt=\"\" style=\"max-width: 100%; height: auto;\" srcset=\"https:\/\/blog.rivieraholidayhomes.com\/wp-content\/uploads\/2018\/05\/Conversion-20-avril-copie.jpg 1760w, https:\/\/blog.rivieraholidayhomes.com\/wp-content\/uploads\/2018\/05\/Conversion-20-avril-copie-360x240.jpg 360w, https:\/\/blog.rivieraholidayhomes.com\/wp-content\/uploads\/2018\/05\/Conversion-20-avril-copie-768x510.jpg 768w\" sizes=\"auto, (max-width: 800px) 100vw, 800px\" \/><\/div><div id=\"panel-853-0-0-10\" class=\"so-panel widget widget_text\" data-index=\"10\" >\t\t\t<div class=\"textwidget\"><h2 class=\"p4\"><b>6\/ La villa enchant\u00e9e \u00e0 Beaulieu<\/b><\/h2>\n<p class=\"p1\">Nous avons bien cherch\u00e9, mais \u00e0\u00a0<strong>Beaulieu sur mer<\/strong>, la plus belle vue que nous avons trouv\u00e9e n\u2019est autre que la\u00a0<strong>villa enchant\u00e9e<\/strong>, une belle propri\u00e9t\u00e9 que nous avons en location (plus d\u2019infos : http:\/\/bit.ly\/2rzjEWw). Regardez par vous-m\u00eames\u00a0! Petite pr\u00e9cision, o\u00f9 que vous soyez dans cette magnifique maison, la vue est \u00e0 couper le souffle, de la\u00a0<strong>baie<\/strong>\u00a0de\u00a0<strong>Villefranche sur mer<\/strong>, \u00e0 la\u00a0<strong>baie\u00a0<\/strong>de<strong>\u00a0Beaulieu<\/strong>\u00a0<strong>sur mer<\/strong>\u00a0en passant par le\u00a0<strong>Cap Ferrat<\/strong>, c\u2019est un v\u00e9ritable \u00e9merveillement\u00a0!<\/p>\n<\/div>\n\t\t<\/div><div id=\"panel-853-0-0-11\" class=\"so-panel widget widget_media_image\" data-index=\"11\" ><img loading=\"lazy\" decoding=\"async\" width=\"800\" height=\"532\" src=\"https:\/\/blog.rivieraholidayhomes.com\/wp-content\/uploads\/2017\/05\/Capture-d\u2019e\u0301cran-2018-08-03-a\u0300-16.37.34-copie.jpg\" class=\"image wp-image-1333  attachment-800x532 size-800x532\" alt=\"\" style=\"max-width: 100%; height: auto;\" srcset=\"https:\/\/blog.rivieraholidayhomes.com\/wp-content\/uploads\/2017\/05\/Capture-d\u2019e\u0301cran-2018-08-03-a\u0300-16.37.34-copie.jpg 1752w, https:\/\/blog.rivieraholidayhomes.com\/wp-content\/uploads\/2017\/05\/Capture-d\u2019e\u0301cran-2018-08-03-a\u0300-16.37.34-copie-360x240.jpg 360w, https:\/\/blog.rivieraholidayhomes.com\/wp-content\/uploads\/2017\/05\/Capture-d\u2019e\u0301cran-2018-08-03-a\u0300-16.37.34-copie-768x511.jpg 768w, https:\/\/blog.rivieraholidayhomes.com\/wp-content\/uploads\/2017\/05\/Capture-d\u2019e\u0301cran-2018-08-03-a\u0300-16.37.34-copie-272x182.jpg 272w\" sizes=\"auto, (max-width: 800px) 100vw, 800px\" \/><\/div><div id=\"panel-853-0-0-12\" class=\"so-panel widget widget_text\" data-index=\"12\" >\t\t\t<div class=\"textwidget\"><figure id=\"attachment_1333\" class=\"wp-caption alignnone\"><figcaption class=\"wp-caption-text\"><a href=\"https:\/\/www.rivieraholidayhomes.com\/fr\/location\/villa-villefranche-sur-mer-villa-enchantee-vi4096-235447.html\">La villa enchant\u00e9e<\/a><\/figcaption><\/figure>\n<h2 class=\"p4\"><b>7\/ Eze Village<\/b><\/h2>\n<p class=\"p1\">Aimez-vous les villages authentiques de la\u00a0<strong>C\u00f4te d\u2019azur<\/strong>\u00a0? Comment ne pas craquer pour le\u00a0<strong>village<\/strong>\u00a0perch\u00e9 de\u00a0<strong>\u00c8ze<\/strong>\u00a0! Une\u00a0<strong>vue panoramique<\/strong>\u00a0avec en fond la mer<span class=\"Apple-converted-space\">\u00a0<\/span><strong>M\u00e9diterran\u00e9e<\/strong>, la vue sur la baie de\u00a0<strong>\u00c8ze<\/strong>\u00a0<strong>plage<\/strong>\u00a0et sur le\u00a0<strong>Cap Ferrat<\/strong>. La photo est s\u00e9duisante, faites le d\u00e9tour et venez en prendre plein les yeux\u00a0!<\/p>\n<\/div>\n\t\t<\/div><div id=\"panel-853-0-0-13\" class=\"so-panel widget widget_media_image\" data-index=\"13\" ><img loading=\"lazy\" decoding=\"async\" width=\"800\" height=\"531\" src=\"https:\/\/blog.rivieraholidayhomes.com\/wp-content\/uploads\/2017\/05\/eze-village.jpg\" class=\"image wp-image-1903  attachment-800x531 size-800x531\" alt=\"\" style=\"max-width: 100%; height: auto;\" srcset=\"https:\/\/blog.rivieraholidayhomes.com\/wp-content\/uploads\/2017\/05\/eze-village.jpg 1200w, https:\/\/blog.rivieraholidayhomes.com\/wp-content\/uploads\/2017\/05\/eze-village-360x240.jpg 360w, https:\/\/blog.rivieraholidayhomes.com\/wp-content\/uploads\/2017\/05\/eze-village-768x510.jpg 768w, https:\/\/blog.rivieraholidayhomes.com\/wp-content\/uploads\/2017\/05\/eze-village-272x182.jpg 272w\" sizes=\"auto, (max-width: 800px) 100vw, 800px\" \/><\/div><div id=\"panel-853-0-0-14\" class=\"so-panel widget widget_text\" data-index=\"14\" >\t\t\t<div class=\"textwidget\"><figure id=\"attachment_1041\" class=\"wp-caption aligncenter\"><figcaption class=\"wp-caption-text\">Eze \u2013 Village<\/figcaption><\/figure>\n<h2 class=\"p4\"><b>8\/ La \u00ab\u00a0t\u00eate de chien\u00a0\u00bb au dessus de Cap d\u2019ail<\/b><\/h2>\n<p class=\"p1\">Un\u00a0<strong>panorama<\/strong>\u00a0de r\u00eave qui surplombe\u00a0<strong>Cap d\u2019Ail<\/strong>, offrant une\u00a0<strong>vue<\/strong>\u00a0incroyable. Celle-ci s\u2019\u00e9tendra sur un rayon de 40 km, de quoi admirer pratiquement la totalit\u00e9 de la\u00a0<strong>c\u00f4te<\/strong>, afin de sentir en vous ce sentiment de libert\u00e9\u00a0!<\/p>\n<h2 class=\"p4\"><\/h2>\n<h2 class=\"p4\"><b>9\/ Ch\u00e2teau Grimaldi \u00e0 Roquebrune Cap Martin<\/b><\/h2>\n<p class=\"p1\">Pour conclure, ce\u00a0<strong>monument historique<\/strong>\u00a0\u00e9tait un ancien donjon construit au X\u00e8me si\u00e8cle que vous pouvez bien \u00e9videmment visiter. Comme vous pouvez le voir sur la photo ci-dessous, le village perch\u00e9 de\u00a0<strong>Roquebrune Cap Martin<\/strong>\u00a0favorise ainsi\u00a0le\u00a0<strong>panorama<\/strong>. Montez au Ch\u00e2teau et vous verrez, le monde vous appartiendra\u00a0!<\/p>\n<\/div>\n\t\t<\/div><div id=\"panel-853-0-0-15\" class=\"so-panel widget widget_media_image\" data-index=\"15\" ><img loading=\"lazy\" decoding=\"async\" width=\"800\" height=\"380\" src=\"https:\/\/blog.rivieraholidayhomes.com\/wp-content\/uploads\/2018\/05\/IMG_8382.jpg\" class=\"image wp-image-1030  attachment-800x380 size-800x380\" alt=\"\" style=\"max-width: 100%; height: auto;\" srcset=\"https:\/\/blog.rivieraholidayhomes.com\/wp-content\/uploads\/2018\/05\/IMG_8382.jpg 1136w, https:\/\/blog.rivieraholidayhomes.com\/wp-content\/uploads\/2018\/05\/IMG_8382-768x365.jpg 768w\" sizes=\"auto, (max-width: 800px) 100vw, 800px\" \/><\/div><div id=\"panel-853-0-0-16\" class=\"so-panel widget widget_text panel-last-child\" data-index=\"16\" >\t\t\t<div class=\"textwidget\"><p>Maintenant, \u00e0 vous de choisir celui que vous pr\u00e9f\u00e9rez ! ENJOY !<\/p>\n<p>Et pour d\u00e9couvrir ces points de vues, trouvez la <a href=\"https:\/\/www.rivieraholidayhomes.com\/fr\/\">location de vacances \u00e0 Nice<\/a> de vos r\u00eaves avec Riviera Holiday Homes.<\/p>\n<\/div>\n\t\t<\/div><\/div><\/div><\/div>","protected":false},"excerpt":{"rendered":"<p>Entre flore\u00a0m\u00e9diterran\u00e9enne\u00a0exceptionnelle et montagnes, la\u00a0C\u00f4te d\u2019azur\u00a0offre des points de\u00a0vues panoramiques\u00a0\u00e0 couper le souffle. Nous allons ainsi vous r\u00e9v\u00e9ler nos pr\u00e9f\u00e9r\u00e9s\u00a0!&#8230;<\/p>\n","protected":false},"author":3,"featured_media":1341,"comment_status":"open","ping_status":"closed","sticky":false,"template":"","format":"standard","meta":{"footnotes":""},"categories":[8],"tags":[],"class_list":["post-853","post","type-post","status-publish","format-standard","has-post-thumbnail","hentry","category-activites"],"yoast_head":"<!-- This site is optimized with the Yoast SEO plugin v27.5 - https:\/\/yoast.com\/product\/yoast-seo-wordpress\/ -->\n<title>Les points de vues incontournables de la C\u00f4te d\u2019Azur entre mer et montagne. - Blog<\/title>\n<meta name=\"description\" content=\"Entre flore m\u00e9diterran\u00e9enne exceptionnelle et montagnes, la C\u00f4te d\u2019azur offre des points de vues panoramiques \u00e0 couper le souffle.\" \/>\n<meta name=\"robots\" content=\"index, follow, max-snippet:-1, max-image-preview:large, max-video-preview:-1\" \/>\n<link rel=\"canonical\" href=\"https:\/\/blog.rivieraholidayhomes.com\/fr\/les-points-de-vues-incontournables-de-la-cote-dazur-entre-mer-et-montagne\/\" \/>\n<meta property=\"og:locale\" content=\"fr_FR\" \/>\n<meta property=\"og:type\" content=\"article\" \/>\n<meta property=\"og:title\" content=\"Les points de vues incontournables de la C\u00f4te d\u2019Azur entre mer et montagne. - Blog\" \/>\n<meta property=\"og:description\" content=\"Entre flore m\u00e9diterran\u00e9enne exceptionnelle et montagnes, la C\u00f4te d\u2019azur offre des points de vues panoramiques \u00e0 couper le souffle.\" \/>\n<meta property=\"og:url\" content=\"https:\/\/blog.rivieraholidayhomes.com\/fr\/les-points-de-vues-incontournables-de-la-cote-dazur-entre-mer-et-montagne\/\" \/>\n<meta property=\"og:site_name\" content=\"Blog\" \/>\n<meta property=\"article:published_time\" content=\"2017-05-30T08:05:53+00:00\" \/>\n<meta property=\"article:modified_time\" content=\"2026-04-14T15:25:10+00:00\" \/>\n<meta property=\"og:image\" content=\"https:\/\/blog.rivieraholidayhomes.com\/wp-content\/uploads\/2017\/05\/AdobeStock_89140520.jpg\" \/>\n\t<meta property=\"og:image:width\" content=\"2135\" \/>\n\t<meta property=\"og:image:height\" content=\"720\" \/>\n\t<meta property=\"og:image:type\" content=\"image\/jpeg\" \/>\n<meta name=\"author\" content=\"Valentin Giulian\" \/>\n<meta name=\"twitter:card\" content=\"summary_large_image\" \/>\n<meta name=\"twitter:label1\" content=\"\u00c9crit par\" \/>\n\t<meta name=\"twitter:data1\" content=\"Valentin Giulian\" \/>\n\t<meta name=\"twitter:label2\" content=\"Dur\u00e9e de lecture estim\u00e9e\" \/>\n\t<meta name=\"twitter:data2\" content=\"5 minutes\" \/>\n<script type=\"application\/ld+json\" class=\"yoast-schema-graph\">{\"@context\":\"https:\\\/\\\/schema.org\",\"@graph\":[{\"@type\":\"Article\",\"@id\":\"https:\\\/\\\/blog.rivieraholidayhomes.com\\\/fr\\\/les-points-de-vues-incontournables-de-la-cote-dazur-entre-mer-et-montagne\\\/#article\",\"isPartOf\":{\"@id\":\"https:\\\/\\\/blog.rivieraholidayhomes.com\\\/fr\\\/les-points-de-vues-incontournables-de-la-cote-dazur-entre-mer-et-montagne\\\/\"},\"author\":{\"name\":\"Valentin Giulian\",\"@id\":\"https:\\\/\\\/blog.rivieraholidayhomes.com\\\/#\\\/schema\\\/person\\\/7f3445cffdfbd06292e476040ddfd6d7\"},\"headline\":\"Les points de vues incontournables de la C\u00f4te d\u2019Azur entre mer et montagne.\",\"datePublished\":\"2017-05-30T08:05:53+00:00\",\"dateModified\":\"2026-04-14T15:25:10+00:00\",\"mainEntityOfPage\":{\"@id\":\"https:\\\/\\\/blog.rivieraholidayhomes.com\\\/fr\\\/les-points-de-vues-incontournables-de-la-cote-dazur-entre-mer-et-montagne\\\/\"},\"wordCount\":721,\"commentCount\":0,\"image\":{\"@id\":\"https:\\\/\\\/blog.rivieraholidayhomes.com\\\/fr\\\/les-points-de-vues-incontournables-de-la-cote-dazur-entre-mer-et-montagne\\\/#primaryimage\"},\"thumbnailUrl\":\"https:\\\/\\\/blog.rivieraholidayhomes.com\\\/wp-content\\\/uploads\\\/2017\\\/05\\\/AdobeStock_89140520.jpg\",\"articleSection\":[\"Activit\u00e9s\"],\"inLanguage\":\"fr-FR\",\"potentialAction\":[{\"@type\":\"CommentAction\",\"name\":\"Comment\",\"target\":[\"https:\\\/\\\/blog.rivieraholidayhomes.com\\\/fr\\\/les-points-de-vues-incontournables-de-la-cote-dazur-entre-mer-et-montagne\\\/#respond\"]}]},{\"@type\":\"WebPage\",\"@id\":\"https:\\\/\\\/blog.rivieraholidayhomes.com\\\/fr\\\/les-points-de-vues-incontournables-de-la-cote-dazur-entre-mer-et-montagne\\\/\",\"url\":\"https:\\\/\\\/blog.rivieraholidayhomes.com\\\/fr\\\/les-points-de-vues-incontournables-de-la-cote-dazur-entre-mer-et-montagne\\\/\",\"name\":\"Les points de vues incontournables de la C\u00f4te d\u2019Azur entre mer et montagne. - Blog\",\"isPartOf\":{\"@id\":\"https:\\\/\\\/blog.rivieraholidayhomes.com\\\/#website\"},\"primaryImageOfPage\":{\"@id\":\"https:\\\/\\\/blog.rivieraholidayhomes.com\\\/fr\\\/les-points-de-vues-incontournables-de-la-cote-dazur-entre-mer-et-montagne\\\/#primaryimage\"},\"image\":{\"@id\":\"https:\\\/\\\/blog.rivieraholidayhomes.com\\\/fr\\\/les-points-de-vues-incontournables-de-la-cote-dazur-entre-mer-et-montagne\\\/#primaryimage\"},\"thumbnailUrl\":\"https:\\\/\\\/blog.rivieraholidayhomes.com\\\/wp-content\\\/uploads\\\/2017\\\/05\\\/AdobeStock_89140520.jpg\",\"datePublished\":\"2017-05-30T08:05:53+00:00\",\"dateModified\":\"2026-04-14T15:25:10+00:00\",\"author\":{\"@id\":\"https:\\\/\\\/blog.rivieraholidayhomes.com\\\/#\\\/schema\\\/person\\\/7f3445cffdfbd06292e476040ddfd6d7\"},\"description\":\"Entre flore m\u00e9diterran\u00e9enne exceptionnelle et montagnes, la C\u00f4te d\u2019azur offre des points de vues panoramiques \u00e0 couper le souffle.\",\"breadcrumb\":{\"@id\":\"https:\\\/\\\/blog.rivieraholidayhomes.com\\\/fr\\\/les-points-de-vues-incontournables-de-la-cote-dazur-entre-mer-et-montagne\\\/#breadcrumb\"},\"inLanguage\":\"fr-FR\",\"potentialAction\":[{\"@type\":\"ReadAction\",\"target\":[\"https:\\\/\\\/blog.rivieraholidayhomes.com\\\/fr\\\/les-points-de-vues-incontournables-de-la-cote-dazur-entre-mer-et-montagne\\\/\"]}]},{\"@type\":\"ImageObject\",\"inLanguage\":\"fr-FR\",\"@id\":\"https:\\\/\\\/blog.rivieraholidayhomes.com\\\/fr\\\/les-points-de-vues-incontournables-de-la-cote-dazur-entre-mer-et-montagne\\\/#primaryimage\",\"url\":\"https:\\\/\\\/blog.rivieraholidayhomes.com\\\/wp-content\\\/uploads\\\/2017\\\/05\\\/AdobeStock_89140520.jpg\",\"contentUrl\":\"https:\\\/\\\/blog.rivieraholidayhomes.com\\\/wp-content\\\/uploads\\\/2017\\\/05\\\/AdobeStock_89140520.jpg\",\"width\":2135,\"height\":720,\"caption\":\"Panoramic aerial view of French Riviera coast at Villefranche-sur-Mer harbour and Cap de Nice with leisure boats anchored at Mediterranean sea\"},{\"@type\":\"BreadcrumbList\",\"@id\":\"https:\\\/\\\/blog.rivieraholidayhomes.com\\\/fr\\\/les-points-de-vues-incontournables-de-la-cote-dazur-entre-mer-et-montagne\\\/#breadcrumb\",\"itemListElement\":[{\"@type\":\"ListItem\",\"position\":1,\"name\":\"Accueil\",\"item\":\"https:\\\/\\\/blog.rivieraholidayhomes.com\\\/\"},{\"@type\":\"ListItem\",\"position\":2,\"name\":\"Les points de vues incontournables de la C\u00f4te d\u2019Azur entre mer et montagne.\"}]},{\"@type\":\"WebSite\",\"@id\":\"https:\\\/\\\/blog.rivieraholidayhomes.com\\\/#website\",\"url\":\"https:\\\/\\\/blog.rivieraholidayhomes.com\\\/\",\"name\":\"Blog\",\"description\":\"Riviera Holiday Homes\",\"potentialAction\":[{\"@type\":\"SearchAction\",\"target\":{\"@type\":\"EntryPoint\",\"urlTemplate\":\"https:\\\/\\\/blog.rivieraholidayhomes.com\\\/?s={search_term_string}\"},\"query-input\":{\"@type\":\"PropertyValueSpecification\",\"valueRequired\":true,\"valueName\":\"search_term_string\"}}],\"inLanguage\":\"fr-FR\"},{\"@type\":\"Person\",\"@id\":\"https:\\\/\\\/blog.rivieraholidayhomes.com\\\/#\\\/schema\\\/person\\\/7f3445cffdfbd06292e476040ddfd6d7\",\"name\":\"Valentin Giulian\",\"image\":{\"@type\":\"ImageObject\",\"inLanguage\":\"fr-FR\",\"@id\":\"https:\\\/\\\/secure.gravatar.com\\\/avatar\\\/fd61c38938932b1b843f073f9a7ff960f0f81c0a170eebb1d353562c0bbcaf71?s=96&d=mm&r=g\",\"url\":\"https:\\\/\\\/secure.gravatar.com\\\/avatar\\\/fd61c38938932b1b843f073f9a7ff960f0f81c0a170eebb1d353562c0bbcaf71?s=96&d=mm&r=g\",\"contentUrl\":\"https:\\\/\\\/secure.gravatar.com\\\/avatar\\\/fd61c38938932b1b843f073f9a7ff960f0f81c0a170eebb1d353562c0bbcaf71?s=96&d=mm&r=g\",\"caption\":\"Valentin Giulian\"},\"url\":\"https:\\\/\\\/blog.rivieraholidayhomes.com\\\/fr\\\/author\\\/valentin-giulian\\\/\"}]}<\/script>\n<!-- \/ Yoast SEO plugin. -->","yoast_head_json":{"title":"Les points de vues incontournables de la C\u00f4te d\u2019Azur entre mer et montagne. - Blog","description":"Entre flore m\u00e9diterran\u00e9enne exceptionnelle et montagnes, la C\u00f4te d\u2019azur offre des points de vues panoramiques \u00e0 couper le souffle.","robots":{"index":"index","follow":"follow","max-snippet":"max-snippet:-1","max-image-preview":"max-image-preview:large","max-video-preview":"max-video-preview:-1"},"canonical":"https:\/\/blog.rivieraholidayhomes.com\/fr\/les-points-de-vues-incontournables-de-la-cote-dazur-entre-mer-et-montagne\/","og_locale":"fr_FR","og_type":"article","og_title":"Les points de vues incontournables de la C\u00f4te d\u2019Azur entre mer et montagne. - Blog","og_description":"Entre flore m\u00e9diterran\u00e9enne exceptionnelle et montagnes, la C\u00f4te d\u2019azur offre des points de vues panoramiques \u00e0 couper le souffle.","og_url":"https:\/\/blog.rivieraholidayhomes.com\/fr\/les-points-de-vues-incontournables-de-la-cote-dazur-entre-mer-et-montagne\/","og_site_name":"Blog","article_published_time":"2017-05-30T08:05:53+00:00","article_modified_time":"2026-04-14T15:25:10+00:00","og_image":[{"width":2135,"height":720,"url":"https:\/\/blog.rivieraholidayhomes.com\/wp-content\/uploads\/2017\/05\/AdobeStock_89140520.jpg","type":"image\/jpeg"}],"author":"Valentin Giulian","twitter_card":"summary_large_image","twitter_misc":{"\u00c9crit par":"Valentin Giulian","Dur\u00e9e de lecture estim\u00e9e":"5 minutes"},"schema":{"@context":"https:\/\/schema.org","@graph":[{"@type":"Article","@id":"https:\/\/blog.rivieraholidayhomes.com\/fr\/les-points-de-vues-incontournables-de-la-cote-dazur-entre-mer-et-montagne\/#article","isPartOf":{"@id":"https:\/\/blog.rivieraholidayhomes.com\/fr\/les-points-de-vues-incontournables-de-la-cote-dazur-entre-mer-et-montagne\/"},"author":{"name":"Valentin Giulian","@id":"https:\/\/blog.rivieraholidayhomes.com\/#\/schema\/person\/7f3445cffdfbd06292e476040ddfd6d7"},"headline":"Les points de vues incontournables de la C\u00f4te d\u2019Azur entre mer et montagne.","datePublished":"2017-05-30T08:05:53+00:00","dateModified":"2026-04-14T15:25:10+00:00","mainEntityOfPage":{"@id":"https:\/\/blog.rivieraholidayhomes.com\/fr\/les-points-de-vues-incontournables-de-la-cote-dazur-entre-mer-et-montagne\/"},"wordCount":721,"commentCount":0,"image":{"@id":"https:\/\/blog.rivieraholidayhomes.com\/fr\/les-points-de-vues-incontournables-de-la-cote-dazur-entre-mer-et-montagne\/#primaryimage"},"thumbnailUrl":"https:\/\/blog.rivieraholidayhomes.com\/wp-content\/uploads\/2017\/05\/AdobeStock_89140520.jpg","articleSection":["Activit\u00e9s"],"inLanguage":"fr-FR","potentialAction":[{"@type":"CommentAction","name":"Comment","target":["https:\/\/blog.rivieraholidayhomes.com\/fr\/les-points-de-vues-incontournables-de-la-cote-dazur-entre-mer-et-montagne\/#respond"]}]},{"@type":"WebPage","@id":"https:\/\/blog.rivieraholidayhomes.com\/fr\/les-points-de-vues-incontournables-de-la-cote-dazur-entre-mer-et-montagne\/","url":"https:\/\/blog.rivieraholidayhomes.com\/fr\/les-points-de-vues-incontournables-de-la-cote-dazur-entre-mer-et-montagne\/","name":"Les points de vues incontournables de la C\u00f4te d\u2019Azur entre mer et montagne. - Blog","isPartOf":{"@id":"https:\/\/blog.rivieraholidayhomes.com\/#website"},"primaryImageOfPage":{"@id":"https:\/\/blog.rivieraholidayhomes.com\/fr\/les-points-de-vues-incontournables-de-la-cote-dazur-entre-mer-et-montagne\/#primaryimage"},"image":{"@id":"https:\/\/blog.rivieraholidayhomes.com\/fr\/les-points-de-vues-incontournables-de-la-cote-dazur-entre-mer-et-montagne\/#primaryimage"},"thumbnailUrl":"https:\/\/blog.rivieraholidayhomes.com\/wp-content\/uploads\/2017\/05\/AdobeStock_89140520.jpg","datePublished":"2017-05-30T08:05:53+00:00","dateModified":"2026-04-14T15:25:10+00:00","author":{"@id":"https:\/\/blog.rivieraholidayhomes.com\/#\/schema\/person\/7f3445cffdfbd06292e476040ddfd6d7"},"description":"Entre flore m\u00e9diterran\u00e9enne exceptionnelle et montagnes, la C\u00f4te d\u2019azur offre des points de vues panoramiques \u00e0 couper le souffle.","breadcrumb":{"@id":"https:\/\/blog.rivieraholidayhomes.com\/fr\/les-points-de-vues-incontournables-de-la-cote-dazur-entre-mer-et-montagne\/#breadcrumb"},"inLanguage":"fr-FR","potentialAction":[{"@type":"ReadAction","target":["https:\/\/blog.rivieraholidayhomes.com\/fr\/les-points-de-vues-incontournables-de-la-cote-dazur-entre-mer-et-montagne\/"]}]},{"@type":"ImageObject","inLanguage":"fr-FR","@id":"https:\/\/blog.rivieraholidayhomes.com\/fr\/les-points-de-vues-incontournables-de-la-cote-dazur-entre-mer-et-montagne\/#primaryimage","url":"https:\/\/blog.rivieraholidayhomes.com\/wp-content\/uploads\/2017\/05\/AdobeStock_89140520.jpg","contentUrl":"https:\/\/blog.rivieraholidayhomes.com\/wp-content\/uploads\/2017\/05\/AdobeStock_89140520.jpg","width":2135,"height":720,"caption":"Panoramic aerial view of French Riviera coast at Villefranche-sur-Mer harbour and Cap de Nice with leisure boats anchored at Mediterranean sea"},{"@type":"BreadcrumbList","@id":"https:\/\/blog.rivieraholidayhomes.com\/fr\/les-points-de-vues-incontournables-de-la-cote-dazur-entre-mer-et-montagne\/#breadcrumb","itemListElement":[{"@type":"ListItem","position":1,"name":"Accueil","item":"https:\/\/blog.rivieraholidayhomes.com\/"},{"@type":"ListItem","position":2,"name":"Les points de vues incontournables de la C\u00f4te d\u2019Azur entre mer et montagne."}]},{"@type":"WebSite","@id":"https:\/\/blog.rivieraholidayhomes.com\/#website","url":"https:\/\/blog.rivieraholidayhomes.com\/","name":"Blog","description":"Riviera Holiday Homes","potentialAction":[{"@type":"SearchAction","target":{"@type":"EntryPoint","urlTemplate":"https:\/\/blog.rivieraholidayhomes.com\/?s={search_term_string}"},"query-input":{"@type":"PropertyValueSpecification","valueRequired":true,"valueName":"search_term_string"}}],"inLanguage":"fr-FR"},{"@type":"Person","@id":"https:\/\/blog.rivieraholidayhomes.com\/#\/schema\/person\/7f3445cffdfbd06292e476040ddfd6d7","name":"Valentin Giulian","image":{"@type":"ImageObject","inLanguage":"fr-FR","@id":"https:\/\/secure.gravatar.com\/avatar\/fd61c38938932b1b843f073f9a7ff960f0f81c0a170eebb1d353562c0bbcaf71?s=96&d=mm&r=g","url":"https:\/\/secure.gravatar.com\/avatar\/fd61c38938932b1b843f073f9a7ff960f0f81c0a170eebb1d353562c0bbcaf71?s=96&d=mm&r=g","contentUrl":"https:\/\/secure.gravatar.com\/avatar\/fd61c38938932b1b843f073f9a7ff960f0f81c0a170eebb1d353562c0bbcaf71?s=96&d=mm&r=g","caption":"Valentin Giulian"},"url":"https:\/\/blog.rivieraholidayhomes.com\/fr\/author\/valentin-giulian\/"}]}},"_links":{"self":[{"href":"https:\/\/blog.rivieraholidayhomes.com\/fr\/wp-json\/wp\/v2\/posts\/853","targetHints":{"allow":["GET"]}}],"collection":[{"href":"https:\/\/blog.rivieraholidayhomes.com\/fr\/wp-json\/wp\/v2\/posts"}],"about":[{"href":"https:\/\/blog.rivieraholidayhomes.com\/fr\/wp-json\/wp\/v2\/types\/post"}],"author":[{"embeddable":true,"href":"https:\/\/blog.rivieraholidayhomes.com\/fr\/wp-json\/wp\/v2\/users\/3"}],"replies":[{"embeddable":true,"href":"https:\/\/blog.rivieraholidayhomes.com\/fr\/wp-json\/wp\/v2\/comments?post=853"}],"version-history":[{"count":17,"href":"https:\/\/blog.rivieraholidayhomes.com\/fr\/wp-json\/wp\/v2\/posts\/853\/revisions"}],"predecessor-version":[{"id":5699,"href":"https:\/\/blog.rivieraholidayhomes.com\/fr\/wp-json\/wp\/v2\/posts\/853\/revisions\/5699"}],"wp:featuredmedia":[{"embeddable":true,"href":"https:\/\/blog.rivieraholidayhomes.com\/fr\/wp-json\/wp\/v2\/media\/1341"}],"wp:attachment":[{"href":"https:\/\/blog.rivieraholidayhomes.com\/fr\/wp-json\/wp\/v2\/media?parent=853"}],"wp:term":[{"taxonomy":"category","embeddable":true,"href":"https:\/\/blog.rivieraholidayhomes.com\/fr\/wp-json\/wp\/v2\/categories?post=853"},{"taxonomy":"post_tag","embeddable":true,"href":"https:\/\/blog.rivieraholidayhomes.com\/fr\/wp-json\/wp\/v2\/tags?post=853"}],"curies":[{"name":"wp","href":"https:\/\/api.w.org\/{rel}","templated":true}]}}